{"id":4740,"date":"2021-03-21T16:52:29","date_gmt":"2021-03-21T15:52:29","guid":{"rendered":"https:\/\/www.manolamaiani.it\/?p=4740"},"modified":"2021-03-21T16:53:59","modified_gmt":"2021-03-21T15:53:59","slug":"non-siamo-piu-forti-della-verita","status":"publish","type":"post","link":"https:\/\/www.manolamaiani.it\/en\/non-siamo-piu-forti-della-verita\/","title":{"rendered":"Non siamo pi\u00f9 forti della verit\u00e0"},"content":{"rendered":"<div class=\"grid kcm\">\n<div class=\"grid__item one-whole portable--auto lap--auto palm--auto top-no-padding bottom-no-padding   \" data-style=\"\">\n<p>Non siamo pi\u00f9 forti della verit\u00e0<br \/>\npi\u00f9 forti della natura<br \/>\n\u00e9 in noi<br \/>\nla scordiamo\u00a0ogni giorno<br \/>\nscordiamo l&#8217;essere<br \/>\ndi essere<br \/>\ndi essere suoi.<\/p>\n<\/div>\n<\/div>\n","protected":false},"excerpt":{"rendered":"<p>Non siamo pi\u00f9 forti della verit\u00e0 pi\u00f9 forti della natura \u00e9 in noi la scordiamo\u00a0ogni giorno scordiamo l&#8217;essere di essere di essere suoi.<\/p>\n","protected":false},"author":1,"featured_media":0,"comment_status":"closed","ping_status":"open","sticky":false,"template":"","format":"standard","meta":{"footnotes":""},"categories":[6],"tags":[],"class_list":["post-4740","post","type-post","status-publish","format-standard","hentry","category-uncategorized"],"_links":{"self":[{"href":"https:\/\/www.manolamaiani.it\/en\/wp-json\/wp\/v2\/posts\/4740","targetHints":{"allow":["GET"]}}],"collection":[{"href":"https:\/\/www.manolamaiani.it\/en\/wp-json\/wp\/v2\/posts"}],"about":[{"href":"https:\/\/www.manolamaiani.it\/en\/wp-json\/wp\/v2\/types\/post"}],"author":[{"embeddable":true,"href":"https:\/\/www.manolamaiani.it\/en\/wp-json\/wp\/v2\/users\/1"}],"replies":[{"embeddable":true,"href":"https:\/\/www.manolamaiani.it\/en\/wp-json\/wp\/v2\/comments?post=4740"}],"version-history":[{"count":0,"href":"https:\/\/www.manolamaiani.it\/en\/wp-json\/wp\/v2\/posts\/4740\/revisions"}],"wp:attachment":[{"href":"https:\/\/www.manolamaiani.it\/en\/wp-json\/wp\/v2\/media?parent=4740"}],"wp:term":[{"taxonomy":"category","embeddable":true,"href":"https:\/\/www.manolamaiani.it\/en\/wp-json\/wp\/v2\/categories?post=4740"},{"taxonomy":"post_tag","embeddable":true,"href":"https:\/\/www.manolamaiani.it\/en\/wp-json\/wp\/v2\/tags?post=4740"}],"curies":[{"name":"wp","href":"https:\/\/api.w.org\/{rel}","templated":true}]}}